{"id":1706,"date":"2025-05-23T08:33:48","date_gmt":"2025-05-23T06:33:48","guid":{"rendered":"https:\/\/feminaissance.com\/mineurs-justice-delits-enfants\/"},"modified":"2025-05-23T08:33:48","modified_gmt":"2025-05-23T06:33:48","slug":"mineurs-justice-delits-enfants","status":"publish","type":"post","link":"https:\/\/makedamagazine.com\/blog\/mineurs-justice-delits-enfants\/","title":{"rendered":"Mineurs et justice : Que se passe-t-il en cas de d\u00e9lit commis par un enfant ?"},"content":{"rendered":"<p>La question de la <strong>justice des mineurs<\/strong> suscite de nombreux d\u00e9bats, notamment en ce qui concerne les <strong>d\u00e9lits<\/strong> commis par des enfants. Lorsque de tels actes sont perp\u00e9tr\u00e9s, la r\u00e9ponse du syst\u00e8me judiciaire peut varier consid\u00e9rablement par rapport \u00e0 celle r\u00e9serv\u00e9e aux adultes. Les <strong>r\u00e8gles<\/strong> et <strong>proc\u00e9dures<\/strong> qui encadrent le traitement des mineurs d\u00e9linquants refl\u00e8tent une volont\u00e9 d&rsquo;\u00e9quilibrer la <strong>responsabilit\u00e9<\/strong> et la n\u00e9cessit\u00e9 d&rsquo;une approche \u00e9ducative. Ce cadre l\u00e9gal, en constante \u00e9volution, vise \u00e9galement \u00e0 tenir compte des <strong>particularit\u00e9s<\/strong> de l&rsquo;enfance et de l&rsquo;adolescence, tout en garantissant la <strong>s\u00e9curit\u00e9<\/strong> de la soci\u00e9t\u00e9. <!--more-->\n\n<figure class=\"wp-block-image size-full\"><img decoding=\"async\" src=\"https:\/\/makedamagazine.com\/blog\/wp-content\/uploads\/2025\/05\/juvenile-justice-1.jpg\" alt=\"d\u00e9couvrez le fonctionnement de la justice juv\u00e9nile, ses enjeux et ses objectifs pour r\u00e9habiliter les jeunes en conflit avec la loi, tout en pr\u00e9servant leur avenir et en favorisant leur int\u00e9gration sociale.\" class=\"wp-image-1704\" \/><\/figure>\n\n<p><article>\n<p>La justice des mineurs est un domaine qui soul\u00e8ve de nombreuses questions et pr\u00e9occupations, notamment lorsque des enfants commettent des d\u00e9lits. Les mesures et proc\u00e9dures qui s&rsquo;appliquent \u00e0 ces jeunes d\u00e9linquants diff\u00e8rent grandement de celles pr\u00e9vues pour les adultes, car elles tiennent compte de leur \u00e2ge et de leur d\u00e9veloppement. Cet article explore les cons\u00e9quences judiciaires auxquelles font face les mineurs en cas de d\u00e9lit, en examinant les responsabilit\u00e9s des parents et la mise en \u0153uvre de la justice p\u00e9nale.<\/p>\n<h2>Les principes de la justice des mineurs<\/h2>\n<p>La justice des mineurs se fonde sur plusieurs principes, notamment la n\u00e9cessit\u00e9 de prot\u00e9ger l\u2019enfance et de favoriser la r\u00e9habilitation plut\u00f4t que la punition. Lorsqu&rsquo;un mineur est en cause dans une affaire d\u00e9lictueuse, le syst\u00e8me judiciaire s\u2019efforce de prendre en compte son \u00e2ge, ses comp\u00e9tences intellectuelles ainsi que son environnement socio-\u00e9ducatif. Cela influence non seulement les proc\u00e9dures mais \u00e9galement les sanctions qui peuvent \u00eatre appliqu\u00e9es.<\/p>\n<h2>Les proc\u00e9dures judiciaires pour les mineurs<\/h2>\n<p>Lorsqu&rsquo;un mineur est accus\u00e9 d&rsquo;un d\u00e9lit, la proc\u00e9dure judiciaire adopte un caract\u00e8re sp\u00e9cifique. Le Code de la justice p\u00e9nale des mineurs (CJPM) stipule la cr\u00e9ation de diverses proc\u00e9dures adapt\u00e9es \u00e0 la situation \u00e9chappant au cadre classique. La possibilit\u00e9 d&rsquo;une <strong>comparution imm\u00e9diate<\/strong> pour les mineurs de plus de 16 ans a \u00e9t\u00e9 introduite afin de permettre un traitement plus rapide des affaires impliquant des d\u00e9lits graves, tout en prot\u00e9geant les droits du mineur. Cependant, cela s&rsquo;accompagne de conditions strictes pour limiter les abus.<\/p>\n<h2>Responsabilit\u00e9 des parents<\/h2>\n<p>La responsabilit\u00e9 des parents est un aspect essentiel de la justice des mineurs. Avec l\u2019introduction de nouvelles mesures, ils sont tenus de respecter certaines obligations, telles que se pr\u00e9senter aux audiences concernant leur enfant. En cas de non-respect de ces obligations, des sanctions telles que des amendes ou des stages peuvent \u00eatre impos\u00e9es. Ce renforcement des responsabilit\u00e9s vise \u00e0 inciter les parents \u00e0 s\u2019impliquer davantage dans le suivi de leur enfant, afin de pr\u00e9venir la d\u00e9linquance.<\/p>\n<h2>Les peines applicables aux mineurs<\/h2>\n<p>Les peines auxquelles peuvent faire face les mineurs varient selon leur \u00e2ge et la gravit\u00e9 des faits commis. Si un mineur de moins de 16 ans est reconnu coupable, il peut faire l\u2019objet d\u2019une mesure \u00e9ducative plut\u00f4t que d\u2019une peine d\u2019emprisonnement, conform\u00e9ment au principe de protection de l&rsquo;enfance. Pour les mineurs de 16 \u00e0 18 ans, le cadre se complexifie avec des r\u00e8gles qui permettent, dans certains cas, d\u2019\u00e9carter l\u2019att\u00e9nuation de peine, surtout en situation de r\u00e9cidive.<\/p>\n<h3>Les notions d&rsquo;att\u00e9nuation de peine<\/h3>\n<p>Les r\u00e8gles d\u2019att\u00e9nuation de peine sont essentielles dans le jugement des mineurs. En effet, la loi pr\u00e9voit que, dans certaines situations, la responsabilit\u00e9 p\u00e9nale des jeunes est r\u00e9duite. Cependant, des conditions sp\u00e9cifiques permettent de renverser ce principe, notamment lorsque les infractions commises sont graves et en \u00e9tat de r\u00e9cidive. Cela tire les juges vers une appr\u00e9ciation plus s\u00e9v\u00e8re, tenant compte de la dangerosit\u00e9 des actes commis.<\/p>\n<h2>Mesures \u00e9ducatives et r\u00e9habilitation<\/h2>\n<p>La justice des mineurs met \u00e9galement l&rsquo;accent sur les <strong>mesures \u00e9ducatives<\/strong> plut\u00f4t que sur la r\u00e9pression. Des programmes de r\u00e9habilitation, souvent en milieu \u00e9ducatif ou avec l\u2019interaction de professionnels, sont privil\u00e9gi\u00e9s pour accompagner le jeune dans sa prise de conscience et la construction d&rsquo;un avenir responsable. Ces dispositifs s&rsquo;inscrivent dans un effort plus large pour r\u00e9duire la r\u00e9cidive et encourager la r\u00e9insertion sociale des jeunes.<\/p>\n<p>La justice pour mineurs, tout en cherchant \u00e0 sanctionner les actes d\u00e9lictueux, s\u2019inscrit dans une logique de protection et d\u2019\u00e9ducation. Les \u00e9volutions r\u00e9centes, tant sur le plan des mesures \u00e0 l&rsquo;encontre des parents que des proc\u00e9dures appliqu\u00e9es aux jeunes, indiquent une volont\u00e9 d&rsquo;adapter le syst\u00e8me face aux r\u00e9alit\u00e9s contemporaines de la d\u00e9linquance juv\u00e9nile.<\/p>\n<\/article><\/p>\n\n<figure class=\"is-provider-youtube is-type-video wp-block-embed wp-block-embed-youtube wp-embed-aspect-16-9 wp-has-aspect-ratio\"><div class=\"wp-block-embed__wrapper\">\n<iframe loading=\"lazy\" title=\"Justice p\u00e9nale des mineurs : les mineur\u00b7e\u00b7s d\u00e9linquant\u00b7e\u00b7s sont avant tout des enfants\" width=\"735\" height=\"551\" src=\"https:\/\/www.youtube.com\/embed\/CwPY1B_RanY?feature=oembed\" frameborder=\"0\" allow=\"accelerometer; autoplay; clipboard-write; encrypted-media; gyroscope; picture-in-picture; web-share\" referrerpolicy=\"strict-origin-when-cross-origin\" allowfullscreen><\/iframe>\n<\/div><\/figure>\n\n<figure class=\"wp-block-table\"><table>\n<tr>\n<th>\u00c9l\u00e9ments<\/th>\n<th>D\u00e9tails<\/th>\n<\/tr>\n<tr>\n<td>\u00c2ge minimum<\/td>\n<td>Un mineur est un enfant de moins de 18 ans.<\/td>\n<\/tr>\n<tr>\n<td>Responsabilit\u00e9 p\u00e9nale<\/td>\n<td>Les mineurs de 13 \u00e0 18 ans peuvent \u00eatre poursuivis p\u00e9nalement.<\/td>\n<\/tr>\n<tr>\n<td>D\u00e9lits graves<\/td>\n<td>Pour certains d\u00e9lits, la comparution imm\u00e9diate est possible \u00e0 partir de 16 ans.<\/td>\n<\/tr>\n<tr>\n<td>Mesures \u00e9ducatives<\/td>\n<td>Les mineurs peuvent b\u00e9n\u00e9ficier de mesures d&rsquo;assistance \u00e9ducative.<\/td>\n<\/tr>\n<tr>\n<td>Peines encourues<\/td>\n<td>La peine peut inclure des amendes, des travaux d&rsquo;int\u00e9r\u00eat g\u00e9n\u00e9ral, ou des peines d&#8217;emprisonnement.<\/td>\n<\/tr>\n<tr>\n<td>Legalit\u00e9 de la d\u00e9linquance<\/td>\n<td>Une r\u00e9cidive pourrait entra\u00eener des peines alourdies sans att\u00e9nuation.<\/td>\n<\/tr>\n<tr>\n<td>R\u00f4le des parents<\/td>\n<td>Les parents sont responsables de leur enfant et doivent se pr\u00e9senter aux audiences.<\/td>\n<\/tr>\n<tr>\n<td>Circonstances aggravantes<\/td>\n<td>Une soustraction aux obligations parentales peut conduire \u00e0 des sanctions.<\/td>\n<\/tr>\n<tr>\n<td>Individualisation des peines<\/td>\n<td>Les peines doivent prendre en compte la personnalit\u00e9 et le parcours du mineur.<\/td>\n<\/tr>\n<\/table><\/figure>\n\n<ul class=\"wp-block-list\"><li><strong>D\u00e9lits commis par des mineurs :<\/strong> Seuls les mineurs \u00e2g\u00e9s de plus de 10 ans peuvent \u00eatre p\u00e9nalement responsables.<\/li><li><strong>Proc\u00e9dure :<\/strong> Les mineurs sont jug\u00e9s dans le cadre d&rsquo;une <strong>juridiction pour enfants<\/strong>, distincte des adultes.<\/li><li><strong>Comparution imm\u00e9diate :<\/strong> Possible pour les mineurs de plus de 16 ans, dans le cas de d\u00e9lits graves.<\/li><li><strong>Sanciones :<\/strong> Le tribunal peut imposer des <strong>travaux d&rsquo;int\u00e9r\u00eat g\u00e9n\u00e9ral<\/strong> ou des amendes.<\/li><li><strong>Att\u00e9nuation de peine :<\/strong> Les peines peuvent \u00eatre r\u00e9duites de moiti\u00e9 pour les mineurs de moins de 18 ans.<\/li><li><strong>Rapport \u00e9ducatif :<\/strong> Un rapport socio-\u00e9ducatif est souvent requis pour comprendre le parcours du mineur.<\/li><li><strong>R\u00e9cidive :<\/strong> Les mineurs en \u00e9tat de r\u00e9cidive l\u00e9gale peuvent subir des sanctions plus lourdes.<\/li><li><strong>Responsabilit\u00e9 parentale :<\/strong> Les parents peuvent \u00eatre sanctionn\u00e9s en cas de <strong>soudure \u00e0 leurs obligations<\/strong>.<\/li><li><strong>Assistance \u00e9ducative :<\/strong> Le juge peut ordonner une mesure d&rsquo;assistance \u00e9ducative pour accompagner le mineur.<\/li><li><strong>Incrimination :<\/strong> Modification du d\u00e9lit de soustraction pour responsabiliser davantage les parents.<\/li><\/ul>\n\n<figure class=\"wp-block-image size-full\"><img decoding=\"async\" src=\"https:\/\/makedamagazine.com\/blog\/wp-content\/uploads\/2025\/05\/juvenile-justice-2.jpg\" alt=\"d\u00e9couvrez le syst\u00e8me de justice juv\u00e9nile, son fonctionnement, ses d\u00e9fis et ses solutions pour offrir une alternative \u00e0 la r\u00e9habilitation des jeunes d\u00e9linquants tout en pr\u00e9servant la s\u00e9curit\u00e9 publique.\" class=\"wp-image-1705\" \/><\/figure>\n\n<p>Lorsqu&rsquo;un enfant commet un d\u00e9lit, la situation devient complexe, m\u00ealant des consid\u00e9rations juridiques et \u00e9ducatives. Le <strong>code de la justice p\u00e9nale des mineurs<\/strong>, en vigueur depuis septembre 2021, a introduit des mesures visant \u00e0 responsabiliser les parents et \u00e0 adapter la proc\u00e9dure judiciaire. Cette loi vise \u00e0 \u00e9quilibrer la r\u00e9pression et l&rsquo;\u00e9ducation, proposant des solutions sp\u00e9cifiques pour le traitement des enfants en conflit avec la loi.<\/p>\n\n<h2 class=\"wp-block-heading\">Responsabilit\u00e9 des parents<\/h2>\n\n<p>Le texte de la loi renforce la <strong>responsabilit\u00e9 des parents<\/strong> face aux comportements d\u00e9linquants de leurs enfants. Ainsi, les parents doivent \u00eatre inform\u00e9s des proc\u00e9dures p\u00e9nales impliquant leurs enfants et sont \u00e9galement appel\u00e9s \u00e0 se pr\u00e9senter aux audiences. En cas d\u2019absence injustifi\u00e9e, des sanctions financi\u00e8res, telles que des amendes ou des stages de responsabilisation, peuvent leur \u00eatre inflig\u00e9es. Cette approche vise \u00e0 impliquer les parents de mani\u00e8re active dans le processus judiciaire pour mieux encadrer leurs enfants.<\/p>\n\n<h3 class=\"wp-block-heading\">Sanctions en cas de d\u00e9faillance parentale<\/h3>\n\n<p>Les parents qui manquent \u00e0 leurs obligations peuvent faire face \u00e0 des cons\u00e9quences juridiques. Une modification de l\u2019article 227-17 du code p\u00e9nal propose de transformer le d\u00e9lit de soustraction d\u2019un parent \u00e0 ses obligations en une infraction de nature formelle. Cela signifie qu\u2019il suffira de prouver que le comportement d\u00e9faillant du parent est \u00ab\u00a0de nature \u00e0\u00a0\u00bb affecter l\u2019enfant, assouplissant ainsi les conditions n\u00e9cessaires \u00e0 la reconnaissance d\u2019une infraction.<\/p>\n\n<h2 class=\"wp-block-heading\">Comparution imm\u00e9diate pour les mineurs<\/h2>\n\n<p>La proposition de loi introduit \u00e9galement une nouvelle proc\u00e9dure, celle de la <strong>comparution imm\u00e9diate<\/strong>, qui s\u2019applique aux mineurs \u00e2g\u00e9s d\u2019au moins 16 ans. Cette proc\u00e9dure peut \u00eatre engag\u00e9e en cas de crimes graves, notamment ceux susceptibles d\u2019entra\u00eener une peine d\u2019emprisonnement sup\u00e9rieure \u00e0 sept ans. Les juges ont ainsi la possibilit\u00e9 de traiter rapidement les affaires de r\u00e9cidive, offrant ainsi une r\u00e9ponse judiciaire adapt\u00e9e \u00e0 la gravit\u00e9 des actes commis.<\/p>\n\n<h3 class=\"wp-block-heading\">Crit\u00e8res d&rsquo;application de la comparution imm\u00e9diate<\/h3>\n\n<p>Pour qu&rsquo;un mineur puisse \u00eatre jug\u00e9 dans le cadre de cette proc\u00e9dure, plusieurs crit\u00e8res doivent \u00eatre respect\u00e9s, y compris le caract\u00e8re de r\u00e9cidive l\u00e9gale et la nature des actes commis. Il est essentiel que la comparution imm\u00e9diate ne vise pas les primo-d\u00e9linquants, mais seulement ceux dont le parcours judiciaire t\u00e9moigne d\u2019une tendance \u00e0 la d\u00e9linquance. Cette distinction souligne l\u2019importance de l&rsquo;individualisation de la r\u00e9ponse p\u00e9nale.<\/p>\n\n<h2 class=\"wp-block-heading\">Att\u00e9nuation des peines pour les mineurs<\/h2>\n\n<p>Le texte de loi aborde aussi la question de l\u2019att\u00e9nuation des peines pour les mineurs. Actuellement, le principe d\u2019une diminution de peine pour les mineurs de moins de 18 ans est \u00e9tabli, mais des exceptions existent. La nouvelle r\u00e9alit\u00e9 l\u00e9gislative cherche \u00e0 supprimer le caract\u00e8re exceptionnel de ces d\u00e9rogations, facilitant ainsi l&rsquo;imposition de sanctions adapt\u00e9es. En cas de r\u00e9cidive, le tribunal peut d\u00e9sormais d\u00e9cider d\u2019\u00e9carter l\u2019att\u00e9nuation de peine sans justification particuli\u00e8re, s&rsquo;il le juge n\u00e9cessaire.<\/p>\n\n<h3 class=\"wp-block-heading\">Conditions d&rsquo;intensification des sanctions<\/h3>\n\n<p>Cette modification vise \u00e0 offrir aux juges la flexibilit\u00e9 n\u00e9cessaire pour r\u00e9pondre aux comportements d\u00e9linquants graves des mineurs. Les juridictions peuvent ainsi prendre en compte la nature des infractions, telles que les atteintes \u00e0 la vie ou \u00e0 l&rsquo;int\u00e9grit\u00e9 physique, pour d\u00e9cider d&rsquo;une peine adapt\u00e9e. En m\u00eame temps, cette approche refl\u00e8te une volont\u00e9 de respecter le principe de justice personnalis\u00e9e, indispensable dans le cadre de la justice p\u00e9nale des mineurs.<\/p>\n\n<p>Les modifications apport\u00e9es par le <strong>code de la justice p\u00e9nale des mineurs<\/strong> offrent une nouvelle approche aux d\u00e9lits commis par les mineurs. Tandis que la responsabilit\u00e9 parentale est renforc\u00e9e, les proc\u00e9dures judiciaires sont adapt\u00e9es pour r\u00e9pondre de mani\u00e8re plus pr\u00e9cise et efficace aux comportements d\u00e9linquants des jeunes. Cela refl\u00e8te une volont\u00e9 de conjuguer r\u00e9pression et \u00e9ducation dans le cadre de la justice p\u00e9nale.<\/p>\n\n","protected":false},"excerpt":{"rendered":"<p>La question de la justice des mineurs suscite de nombreux d\u00e9bats, notamment en ce qui concerne les d\u00e9lits commis par des enfants. Lorsque de tels actes sont perp\u00e9tr\u00e9s, la r\u00e9ponse &hellip; <\/p>\n","protected":false},"author":2,"featured_media":1703,"comment_status":"open","ping_status":"open","sticky":false,"template":"","format":"standard","meta":{"om_disable_all_campaigns":false,"footnotes":""},"categories":[123],"tags":[238,191,239,240,241],"class_list":["post-1706","post","type-post","status-publish","format-standard","has-post-thumbnail","hentry","category-juridique","tag-delit","tag-enfant","tag-justice","tag-mineurs","tag-responsabilite-penale"],"aioseo_notices":[],"rttpg_featured_image_url":{"full":["https:\/\/makedamagazine.com\/blog\/wp-content\/uploads\/2025\/05\/juvenile-justice.jpg",1280,853,false],"landscape":["https:\/\/makedamagazine.com\/blog\/wp-content\/uploads\/2025\/05\/juvenile-justice.jpg",1280,853,false],"portraits":["https:\/\/makedamagazine.com\/blog\/wp-content\/uploads\/2025\/05\/juvenile-justice.jpg",1280,853,false],"thumbnail":["https:\/\/makedamagazine.com\/blog\/wp-content\/uploads\/2025\/05\/juvenile-justice-150x150.jpg",150,150,true],"medium":["https:\/\/makedamagazine.com\/blog\/wp-content\/uploads\/2025\/05\/juvenile-justice-300x200.jpg",300,200,true],"large":["https:\/\/makedamagazine.com\/blog\/wp-content\/uploads\/2025\/05\/juvenile-justice-1024x682.jpg",735,490,true],"1536x1536":["https:\/\/makedamagazine.com\/blog\/wp-content\/uploads\/2025\/05\/juvenile-justice.jpg",1280,853,false],"2048x2048":["https:\/\/makedamagazine.com\/blog\/wp-content\/uploads\/2025\/05\/juvenile-justice.jpg",1280,853,false],"hitmag-landscape":["https:\/\/makedamagazine.com\/blog\/wp-content\/uploads\/2025\/05\/juvenile-justice.jpg",675,450,false],"hitmag-featured":["https:\/\/makedamagazine.com\/blog\/wp-content\/uploads\/2025\/05\/juvenile-justice.jpg",600,400,false],"hitmag-grid":["https:\/\/makedamagazine.com\/blog\/wp-content\/uploads\/2025\/05\/juvenile-justice.jpg",323,215,false],"hitmag-list":["https:\/\/makedamagazine.com\/blog\/wp-content\/uploads\/2025\/05\/juvenile-justice.jpg",290,193,false],"hitmag-thumbnail":["https:\/\/makedamagazine.com\/blog\/wp-content\/uploads\/2025\/05\/juvenile-justice.jpg",135,90,false],"400x250-crop":["https:\/\/makedamagazine.com\/blog\/wp-content\/uploads\/2025\/05\/juvenile-justice-400x250.jpg",400,250,true]},"rttpg_author":{"display_name":"Claude","author_link":"https:\/\/makedamagazine.com\/blog\/author\/claude\/"},"rttpg_comment":0,"rttpg_category":"<a href=\"https:\/\/makedamagazine.com\/blog\/category\/juridique\/\" rel=\"category tag\">Juridique<\/a>","rttpg_excerpt":"La question de la justice des mineurs suscite de nombreux d\u00e9bats, notamment en ce qui concerne les d\u00e9lits commis par des enfants. Lorsque de tels actes sont perp\u00e9tr\u00e9s, la r\u00e9ponse &hellip;","_links":{"self":[{"href":"https:\/\/makedamagazine.com\/blog\/wp-json\/wp\/v2\/posts\/1706","targetHints":{"allow":["GET"]}}],"collection":[{"href":"https:\/\/makedamagazine.com\/blog\/wp-json\/wp\/v2\/posts"}],"about":[{"href":"https:\/\/makedamagazine.com\/blog\/wp-json\/wp\/v2\/types\/post"}],"author":[{"embeddable":true,"href":"https:\/\/makedamagazine.com\/blog\/wp-json\/wp\/v2\/users\/2"}],"replies":[{"embeddable":true,"href":"https:\/\/makedamagazine.com\/blog\/wp-json\/wp\/v2\/comments?post=1706"}],"version-history":[{"count":1,"href":"https:\/\/makedamagazine.com\/blog\/wp-json\/wp\/v2\/posts\/1706\/revisions"}],"predecessor-version":[{"id":2024,"href":"https:\/\/makedamagazine.com\/blog\/wp-json\/wp\/v2\/posts\/1706\/revisions\/2024"}],"wp:featuredmedia":[{"embeddable":true,"href":"https:\/\/makedamagazine.com\/blog\/wp-json\/wp\/v2\/media\/1703"}],"wp:attachment":[{"href":"https:\/\/makedamagazine.com\/blog\/wp-json\/wp\/v2\/media?parent=1706"}],"wp:term":[{"taxonomy":"category","embeddable":true,"href":"https:\/\/makedamagazine.com\/blog\/wp-json\/wp\/v2\/categories?post=1706"},{"taxonomy":"post_tag","embeddable":true,"href":"https:\/\/makedamagazine.com\/blog\/wp-json\/wp\/v2\/tags?post=1706"}],"curies":[{"name":"wp","href":"https:\/\/api.w.org\/{rel}","templated":true}]}}