{"id":1826,"date":"2025-09-22T08:54:22","date_gmt":"2025-09-22T06:54:22","guid":{"rendered":"https:\/\/makedamagazine.com\/blog\/?p=1826"},"modified":"2025-09-22T08:54:56","modified_gmt":"2025-09-22T06:54:56","slug":"securite-deplacements-vacances-avril","status":"publish","type":"post","link":"https:\/\/makedamagazine.com\/blog\/securite-deplacements-vacances-avril\/","title":{"rendered":"S\u00e9curit\u00e9 et d\u00e9placements : guide des vacances d\u2019avril 2025 en zone b"},"content":{"rendered":"<p>Les <strong>vacances scolaires<\/strong> approchent \u00e0 grands pas, et pour la <strong>zone b<\/strong> du <strong>calendrier scolaire<\/strong>, avril 2025 s\u2019annonce d\u00e9j\u00e0 comme une p\u00e9riode de d\u00e9parts massifs. Avec la vari\u00e9t\u00e9 des destinations accessibles et l\u2019affluence attendue, il devient essentiel de pr\u00e9parer ses <strong>d\u00e9placements<\/strong> tout en accordant une attention particuli\u00e8re \u00e0 la <strong>s\u00e9curit\u00e9<\/strong>. Ce guide rassemble l\u2019essentiel pour voyager sereinement durant cette p\u00e9riode sp\u00e9cifique, que ce soit pour un s\u00e9jour en famille ou pour \u00e9viter les pi\u00e8ges classiques des trajets charg\u00e9s. <!--more--><\/p>\r\n<h2>Quelles sont les dates cl\u00e9s pour la zone b en avril 2025 ?<\/h2>\r\n<p>Le <strong>calendrier scolaire<\/strong> d\u00e9finit avec pr\u00e9cision les p\u00e9riodes de <strong>vacances scolaires<\/strong> pour chaque zone. Pour la <strong>zone b<\/strong>, les <strong>vacances d\u2019avril 2025<\/strong> se d\u00e9rouleront du samedi 12 avril au lundi 28 avril inclus. Cela signifie que d\u00e8s le vendredi soir, de nombreux voyageurs prendront la route ou le train pour rejoindre leurs destinations favorites. Conna\u00eetre ces <strong>dates<\/strong> en avance permet d\u2019organiser plus efficacement son voyage. En les anticipant, on \u00e9vite les trajets aux heures de grande affluence, limitant ainsi les risques li\u00e9s \u00e0 la fatigue et au stress sur la route.<\/p>\r\n<h2>Comment s\u00e9curiser ses d\u00e9placements pendant les d\u00e9parts en vacances ?<\/h2>\r\n<p>Voyager durant les <strong>p\u00e9riodes de pointe<\/strong> demande anticipation et vigilance. Durant cette p\u00e9riode tr\u00e8s fr\u00e9quent\u00e9e, il existe des ressources pratiques pour faciliter vos d\u00e9placements vacances avril 2025 zone b et assurer votre s\u00e9curit\u00e9 sur la route. Les <strong>d\u00e9parts en vacances<\/strong> entra\u00eenent souvent une circulation dense sur les routes principales et dans les gares. Quelques <strong>conseils de s\u00e9curit\u00e9<\/strong> simples font toute la diff\u00e9rence lors des grandes migrations du <strong>calendrier scolaire<\/strong>.<\/p>\r\n<h3>L\u2019importance d\u2019un v\u00e9hicule pr\u00eat \u00e0 partir et bien \u00e9quip\u00e9<\/h3>\r\n<p>Avant tout trajet, v\u00e9rifier son <strong>v\u00e9hicule<\/strong> est indispensable. Un contr\u00f4le avant le d\u00e9part limite le risque de panne ou d\u2019accident. V\u00e9rifiez l\u2019\u00e9tat des pneus, les niveaux d\u2019huile et de liquide de refroidissement, ainsi que le bon fonctionnement des phares et freins. Pensez \u00e9galement \u00e0 emporter une <strong>trousse de secours<\/strong>, une lampe torche, des couvertures et un triangle de signalisation. Ces \u00e9quipements augmentent la <strong>s\u00e9curit\u00e9<\/strong> lors d\u2019impr\u00e9vus sur la route.<\/p>\r\n<h3>Planifier son itin\u00e9raire et suivre l\u2019info trafic<\/h3>\r\n<p>Choisir soigneusement son <strong>itin\u00e9raire<\/strong> aide \u00e0 \u00e9viter les axes les plus fr\u00e9quent\u00e9s, surtout lors des grands week-ends de <strong>d\u00e9parts en vacances<\/strong>. Se renseigner sur l\u2019<strong>info trafic<\/strong> quelques jours avant le d\u00e9part optimise les chances de voyager sans encombre. Utilisez des applications d\u00e9di\u00e9es ou consultez les bulletins routiers pour ajuster votre parcours en cas de perturbations. Un plan B sous la main garantit une r\u00e9action rapide en cas d\u2019embouteillage soudain.<\/p>\r\n<h2>Quels moyens de transport privil\u00e9gier pour les vacances scolaires ?<\/h2>\r\n<p>La question du choix du <strong>mode de transport<\/strong> se pose toujours lors des <strong>vacances scolaires<\/strong>. Le <strong>calendrier scolaire<\/strong> influence fortement la fr\u00e9quentation des trains, bus et avions. Pour la p\u00e9riode d\u2019avril 2025 en <strong>zone b<\/strong>, il existe plusieurs solutions selon vos besoins et votre budget. Chaque mode pr\u00e9sente des avantages et des contraintes. Il convient donc de choisir celui qui correspond le mieux \u00e0 la situation familiale ou individuelle.<\/p>\r\n<h3>Voyager en voiture : flexibilit\u00e9 contre contraintes de la circulation<\/h3>\r\n<p>La <strong>voiture<\/strong> offre une libert\u00e9 de mouvement appr\u00e9ciable, mais elle expose aussi \u00e0 une densit\u00e9 de trafic importante lors des <strong>d\u00e9parts en vacances<\/strong>. Il faut accepter une certaine souplesse dans les horaires et pr\u00e9voir des pauses r\u00e9guli\u00e8res pour limiter la fatigue au volant. Pensez \u00e0 partager la conduite entre adultes lorsque c\u2019est possible. Cr\u00e9er un planning pour les arr\u00eats-repos favorise la <strong>s\u00e9curit\u00e9<\/strong> et le confort de toute la famille.<\/p>\r\n<h3>Trains et transports en commun : performance et s\u00e9r\u00e9nit\u00e9<\/h3>\r\n<p>Les <strong>transports en commun<\/strong> offrent une alternative pratique, permettant d\u2019\u00e9viter les embouteillages. La r\u00e9servation anticip\u00e9e devient vite indispensable puisque la demande explose pendant les <strong>vacances scolaires<\/strong>. R\u00e9server t\u00f4t donne acc\u00e8s \u00e0 de meilleurs tarifs et \u00e0 plus de choix pour les places assises. Pendant le trajet, gardez un \u0153il sur vos bagages. Pensez aussi \u00e0 apporter jeux et encas pour occuper enfants et adolescents si vous voyagez en famille.<\/p>\r\n<h2>Quels facteurs de s\u00e9curit\u00e9 surveiller selon sa destination ?<\/h2>\r\n<p>La <strong>zone b<\/strong> regroupe des r\u00e9gions vari\u00e9es\u202f: villes c\u00f4ti\u00e8res, campagnes, montagnes\u2026 Chacune implique des pr\u00e9cautions diff\u00e9rentes pour garantir la <strong>s\u00e9curit\u00e9<\/strong> de tous. \u00catre attentif \u00e0 l\u2019environnement et adapter ses habitudes peut \u00e9viter bien des d\u00e9sagr\u00e9ments.<\/p>\r\n<ul>\r\n<li>\u00c0 la montagne\u202f: soyez attentif aux annonces m\u00e9t\u00e9o et ne sous-estimez jamais la fatigue li\u00e9e \u00e0 l\u2019altitude.<\/li>\r\n<li>En zone urbaine\u202f: surveillez vos effets personnels lors des visites touristiques et dans les zones anim\u00e9es.<\/li>\r\n<li>Sur la c\u00f4te\u202f: respectez les consignes sp\u00e9cifiques li\u00e9es \u00e0 la baignade et v\u00e9rifiez les alertes locales concernant la m\u00e9t\u00e9orologie.<\/li>\r\n<\/ul>\r\n<p>Prendre en compte la <strong>zone a<\/strong> ou la <strong>zone c<\/strong> peut \u00e9galement aider pour choisir des <strong>dates<\/strong> moins charg\u00e9es en fonction de l\u2019\u00e9chelonnement du <strong>calendrier scolaire<\/strong>. Cette astuce contribue \u00e0 la fois \u00e0 plus de tranquillit\u00e9 et \u00e0 une meilleure <strong>s\u00e9curit\u00e9<\/strong>.<\/p>\r\n<h2>Comment organiser les pr\u00e9paratifs avant les d\u00e9parts en vacances\u202f?<\/h2>\r\n<p>Une <strong>check-list<\/strong> permet d\u2019\u00e9viter les oublis et facilite la gestion des d\u00e9lais avant le grand d\u00e9part. Pr\u00e9parer ses papiers d\u2019identit\u00e9, consulter les recommandations de <strong>s\u00e9curit\u00e9<\/strong>, v\u00e9rifier les horaires des <strong>transports<\/strong>\u2026 autant de gestes qui assurent des voyages tranquilles, particuli\u00e8rement durant les pics saisonniers du <strong>calendrier scolaire<\/strong>. L\u2019organisation en amont r\u00e9duit le stress et permet de profiter pleinement des vacances, m\u00eame en cas d\u2019impr\u00e9vu.<\/p>\r\n<h3 style=\"text-align: center\"><a href=\"https:\/\/makedamagazine.com\/blog\/wp-content\/uploads\/2025\/09\/tz7bn2sfto0.jpg\"><img loading=\"lazy\" decoding=\"async\" class=\"alignnone  wp-image-1828\" src=\"https:\/\/makedamagazine.com\/blog\/wp-content\/uploads\/2025\/09\/tz7bn2sfto0-300x225.jpg\" alt=\"\" width=\"1075\" height=\"806\" srcset=\"https:\/\/makedamagazine.com\/blog\/wp-content\/uploads\/2025\/09\/tz7bn2sfto0-300x225.jpg 300w, https:\/\/makedamagazine.com\/blog\/wp-content\/uploads\/2025\/09\/tz7bn2sfto0-1024x769.jpg 1024w, https:\/\/makedamagazine.com\/blog\/wp-content\/uploads\/2025\/09\/tz7bn2sfto0-768x577.jpg 768w, https:\/\/makedamagazine.com\/blog\/wp-content\/uploads\/2025\/09\/tz7bn2sfto0-1536x1153.jpg 1536w, https:\/\/makedamagazine.com\/blog\/wp-content\/uploads\/2025\/09\/tz7bn2sfto0.jpg 1598w\" sizes=\"auto, (max-width: 1075px) 100vw, 1075px\" \/><\/a><\/h3>\r\n<h3>Documents essentiels et assurances \u00e0 v\u00e9rifier<\/h3>\r\n<p>Vos papiers (carte d\u2019identit\u00e9, passeport, permis de conduire) doivent \u00eatre valables jusqu\u2019\u00e0 la fin du s\u00e9jour. N\u2019oubliez pas de jeter un coup d\u2019\u0153il \u00e0 vos contrats d\u2019<strong>assurance<\/strong>\u202f: auto, habitation, sant\u00e9 ou voyage selon la destination choisie. Pour ceux qui utilisent les <strong>transports en commun<\/strong>, gardez une copie imprim\u00e9e de vos billets et un dossier \u00e9lectronique accessible rapidement. Cette double pr\u00e9caution \u00e9vite les mauvaises surprises le jour J.<\/p>\r\n<h3>Adapter la pr\u00e9paration aux profils familiaux<\/h3>\r\n<p>Les <a href=\"https:\/\/makedamagazine.com\/blog\/vacance-en-famille-des-idees-de-destination\/\">familles avec jeunes enfants<\/a> b\u00e9n\u00e9ficient d\u2019une organisation sp\u00e9cifique. Pr\u00e9voyez suffisamment de pauses et adaptez les activit\u00e9s pour tenir compte du rythme des plus jeunes. Prendre le temps le matin permet d\u2019\u00e9viter la cohue des grands d\u00e9parts. Pensez \u00e0 constituer une pochette sp\u00e9ciale contenant carnets de sant\u00e9, trousses de premiers soins, et r\u00e9serves d\u2019eau. Cette anticipation \u00e9vite beaucoup de stress, notamment lors des longs trajets en voiture ou en train durant les <strong>vacances scolaires<\/strong>.<\/p>\r\n<h2>Questions fr\u00e9quentes sur la s\u00e9curit\u00e9 et les d\u00e9placements en avril 2025 en zone b<\/h2>\r\n\r\n<div>\r\n<div>\r\n<h3>Pourquoi les d\u00e9placements sont-ils compliqu\u00e9s pendant les d\u00e9parts des vacances scolaires\u202f?<\/h3>\r\n<div>\r\n<div>Lors des <strong>vacances scolaires<\/strong>, les <strong>calendriers<\/strong> des <strong>zones a, b et c<\/strong> g\u00e9n\u00e8rent un afflux massif sur les routes et dans les gares. Tous veulent profiter de la m\u00eame p\u00e9riode de repos, provoquant une forte concentration de voyageurs au m\u00eame moment. Planifier diff\u00e9remment les d\u00e9parts r\u00e9duit l\u2019exposition aux risques li\u00e9s \u00e0 la circulation dense ou aux retards dans les <strong>transports en commun<\/strong>.\r\n<ul>\r\n<li>Anticiper les horaires.<\/li>\r\n<li>S\u2019informer sur le trafic.<\/li>\r\n<li>\u00c9viter les d\u00e9buts de vacances majeurs.<\/li>\r\n<\/ul>\r\n<\/div>\r\n<\/div>\r\n<\/div>\r\n<div>\r\n<h3>Quels conseils de s\u00e9curit\u00e9 appliquer pour un long trajet en voiture durant la zone b\u202f?<\/h3>\r\n<div>\r\n<div>Commencez par une v\u00e9rification compl\u00e8te du <strong>v\u00e9hicule<\/strong>\u202f: pneus, freins, feux, ainsi qu\u2019une <strong>trousse de secours<\/strong> \u00e0 bord. Programmez des pauses toutes les deux heures pour rester vigilant. Pr\u00e9voyez boissons, collations et distractions adapt\u00e9es pour les enfants, afin que le trajet reste agr\u00e9able.\r\n<ul>\r\n<li>Contr\u00f4le technique r\u00e9cent.<\/li>\r\n<li>Pauses r\u00e9guli\u00e8res.<\/li>\r\n<li>Plan B en cas de bouchons.<\/li>\r\n<\/ul>\r\n<table>\r\n<tbody>\r\n<tr>\r\n<th>\u00c9quipement<\/th>\r\n<th>Utilit\u00e9<\/th>\r\n<\/tr>\r\n<tr>\r\n<td>Trousse de secours<\/td>\r\n<td>Soins rapides en cas de blessure<\/td>\r\n<\/tr>\r\n<tr>\r\n<td>C\u00e2bles de d\u00e9marrage<\/td>\r\n<td>Panne de batterie<\/td>\r\n<\/tr>\r\n<\/tbody>\r\n<\/table>\r\n<\/div>\r\n<\/div>\r\n<\/div>\r\n<div>\r\n<h3>Comment conna\u00eetre les zones \u00e0 \u00e9viter pendant les vacances d\u2019avril 2025\u202f?<\/h3>\r\n<div>\r\n<div>Consultez r\u00e9guli\u00e8rement les sites officiels d\u2019<strong>information routi\u00e8re<\/strong>, ainsi que les plateformes mobiles sp\u00e9cialis\u00e9es. Orientez-vous vers des itin\u00e9raires secondaires si la circulation devient trop intense sur les grands axes. Les r\u00e9gions desservies par la <strong>zone b<\/strong> pr\u00e9sentent des points n\u00e9vralgiques connus \u00e0 surveiller.\r\n<ul>\r\n<li>P\u00e9riph\u00e9riques urbains satur\u00e9s les veilles de week-end.<\/li>\r\n<li>Noeuds autoroutiers principaux.<\/li>\r\n<li>Entr\u00e9es des stations baln\u00e9aires en d\u00e9but de vacances.<\/li>\r\n<\/ul>\r\n<\/div>\r\n<\/div>\r\n<\/div>\r\n<div>\r\n<h3>Existe-t-il des diff\u00e9rences notables entre les p\u00e9riodes de vacances des zones a, b et c\u202f?<\/h3>\r\n<div>\r\n<div>Chaque <strong>zone<\/strong> suit un <strong>calendrier scolaire<\/strong> distinct, con\u00e7u pour \u00e9viter que toutes les familles partent exactement aux m\u00eames dates. Cet \u00e9chelonnement vise \u00e0 d\u00e9sengorger les flux sur les routes et dans les lieux touristiques. Comparer les plannings des <strong>zones a, b et c<\/strong> donne parfois la possibilit\u00e9 de partir moins cher et plus tranquillement.\r\n<table>\r\n<tbody>\r\n<tr>\r\n<th>Zone<\/th>\r\n<th>P\u00e9riode avril 2025<\/th>\r\n<\/tr>\r\n<tr>\r\n<td>a<\/td>\r\n<td>Du 5 au 21 avril<\/td>\r\n<\/tr>\r\n<tr>\r\n<td>b<\/td>\r\n<td>Du 12 au 28 avril<\/td>\r\n<\/tr>\r\n<tr>\r\n<td>c<\/td>\r\n<td>Du 19 avril au 5 mai<\/td>\r\n<\/tr>\r\n<\/tbody>\r\n<\/table>\r\n<\/div>\r\n<\/div>\r\n<\/div>\r\n<\/div>\r\n","protected":false},"excerpt":{"rendered":"<p>Les vacances scolaires approchent \u00e0 grands pas, et pour la zone b du calendrier scolaire, avril 2025 s\u2019annonce d\u00e9j\u00e0 comme une p\u00e9riode de d\u00e9parts massifs. Avec la vari\u00e9t\u00e9 des destinations &hellip; <\/p>\n","protected":false},"author":27,"featured_media":1827,"comment_status":"open","ping_status":"open","sticky":false,"template":"","format":"standard","meta":{"om_disable_all_campaigns":false,"footnotes":""},"categories":[120,121],"tags":[322,87,321,193],"class_list":["post-1826","post","type-post","status-publish","format-standard","has-post-thumbnail","hentry","category-assurances","category-vacances","tag-calendrier-scolaire","tag-securite","tag-vacances-scolaires","tag-voyage"],"aioseo_notices":[],"rttpg_featured_image_url":{"full":["https:\/\/makedamagazine.com\/blog\/wp-content\/uploads\/2025\/09\/uoqar2poxmo.jpg",1600,1067,false],"landscape":["https:\/\/makedamagazine.com\/blog\/wp-content\/uploads\/2025\/09\/uoqar2poxmo.jpg",1600,1067,false],"portraits":["https:\/\/makedamagazine.com\/blog\/wp-content\/uploads\/2025\/09\/uoqar2poxmo.jpg",1600,1067,false],"thumbnail":["https:\/\/makedamagazine.com\/blog\/wp-content\/uploads\/2025\/09\/uoqar2poxmo-150x150.jpg",150,150,true],"medium":["https:\/\/makedamagazine.com\/blog\/wp-content\/uploads\/2025\/09\/uoqar2poxmo-300x200.jpg",300,200,true],"large":["https:\/\/makedamagazine.com\/blog\/wp-content\/uploads\/2025\/09\/uoqar2poxmo-1024x683.jpg",735,490,true],"1536x1536":["https:\/\/makedamagazine.com\/blog\/wp-content\/uploads\/2025\/09\/uoqar2poxmo-1536x1024.jpg",1536,1024,true],"2048x2048":["https:\/\/makedamagazine.com\/blog\/wp-content\/uploads\/2025\/09\/uoqar2poxmo.jpg",1600,1067,false],"hitmag-landscape":["https:\/\/makedamagazine.com\/blog\/wp-content\/uploads\/2025\/09\/uoqar2poxmo.jpg",675,450,false],"hitmag-featured":["https:\/\/makedamagazine.com\/blog\/wp-content\/uploads\/2025\/09\/uoqar2poxmo.jpg",600,400,false],"hitmag-grid":["https:\/\/makedamagazine.com\/blog\/wp-content\/uploads\/2025\/09\/uoqar2poxmo.jpg",322,215,false],"hitmag-list":["https:\/\/makedamagazine.com\/blog\/wp-content\/uploads\/2025\/09\/uoqar2poxmo.jpg",290,193,false],"hitmag-thumbnail":["https:\/\/makedamagazine.com\/blog\/wp-content\/uploads\/2025\/09\/uoqar2poxmo.jpg",135,90,false],"400x250-crop":["https:\/\/makedamagazine.com\/blog\/wp-content\/uploads\/2025\/09\/uoqar2poxmo-400x250.jpg",400,250,true]},"rttpg_author":{"display_name":"d p","author_link":"https:\/\/makedamagazine.com\/blog\/author\/digi123\/"},"rttpg_comment":0,"rttpg_category":"<a href=\"https:\/\/makedamagazine.com\/blog\/category\/assurances\/\" rel=\"category tag\">Assurances<\/a> <a href=\"https:\/\/makedamagazine.com\/blog\/category\/vacances\/\" rel=\"category tag\">Vacances<\/a>","rttpg_excerpt":"Les vacances scolaires approchent \u00e0 grands pas, et pour la zone b du calendrier scolaire, avril 2025 s\u2019annonce d\u00e9j\u00e0 comme une p\u00e9riode de d\u00e9parts massifs. Avec la vari\u00e9t\u00e9 des destinations &hellip;","_links":{"self":[{"href":"https:\/\/makedamagazine.com\/blog\/wp-json\/wp\/v2\/posts\/1826","targetHints":{"allow":["GET"]}}],"collection":[{"href":"https:\/\/makedamagazine.com\/blog\/wp-json\/wp\/v2\/posts"}],"about":[{"href":"https:\/\/makedamagazine.com\/blog\/wp-json\/wp\/v2\/types\/post"}],"author":[{"embeddable":true,"href":"https:\/\/makedamagazine.com\/blog\/wp-json\/wp\/v2\/users\/27"}],"replies":[{"embeddable":true,"href":"https:\/\/makedamagazine.com\/blog\/wp-json\/wp\/v2\/comments?post=1826"}],"version-history":[{"count":3,"href":"https:\/\/makedamagazine.com\/blog\/wp-json\/wp\/v2\/posts\/1826\/revisions"}],"predecessor-version":[{"id":2099,"href":"https:\/\/makedamagazine.com\/blog\/wp-json\/wp\/v2\/posts\/1826\/revisions\/2099"}],"wp:featuredmedia":[{"embeddable":true,"href":"https:\/\/makedamagazine.com\/blog\/wp-json\/wp\/v2\/media\/1827"}],"wp:attachment":[{"href":"https:\/\/makedamagazine.com\/blog\/wp-json\/wp\/v2\/media?parent=1826"}],"wp:term":[{"taxonomy":"category","embeddable":true,"href":"https:\/\/makedamagazine.com\/blog\/wp-json\/wp\/v2\/categories?post=1826"},{"taxonomy":"post_tag","embeddable":true,"href":"https:\/\/makedamagazine.com\/blog\/wp-json\/wp\/v2\/tags?post=1826"}],"curies":[{"name":"wp","href":"https:\/\/api.w.org\/{rel}","templated":true}]}}